{"id":2189,"date":"2023-06-15T21:21:23","date_gmt":"2023-06-15T21:21:23","guid":{"rendered":"https:\/\/casaneoncunha.org\/site\/?p=2189"},"modified":"2024-11-12T14:22:44","modified_gmt":"2024-11-12T17:22:44","slug":"no-mes-da-luta-e-combate-a-lgbtfobia-casa-neon-realiza-encontros-e-lancamentos","status":"publish","type":"post","link":"https:\/\/casaneoncunha.org\/site\/no-mes-da-luta-e-combate-a-lgbtfobia-casa-neon-realiza-encontros-e-lancamentos\/","title":{"rendered":"No m\u00eas da Luta e Combate \u00e0 LGBTFOBIA,  Casa Neon realiza encontros e lan\u00e7amentos"},"content":{"rendered":"<p>&nbsp;<\/p>\n<div id=\"attachment_2190\" style=\"width: 310px\" class=\"wp-caption aligncenter\"><img loading=\"lazy\" decoding=\"async\" aria-describedby=\"caption-attachment-2190\" class=\"wp-image-2190 size-medium\" src=\"https:\/\/casaneoncunha.org\/site\/wp-content\/uploads\/2023\/06\/LGBTQIA-300x300.png\" alt=\"\" width=\"300\" height=\"300\" \/><p id=\"caption-attachment-2190\" class=\"wp-caption-text\">Dia 27 de maio foi dia de encontro e lan\u00e7amentos na Casa Neon\/ Foto: Divulga\u00e7\u00e3o<\/p><\/div>\n<h1><\/h1>\n<h1><strong>Casa Neon Cunha teve lan\u00e7amentos de document\u00e1rio, site e muito mais\u00a0<\/strong><\/h1>\n<p>Durante o dia 27 de maio, (s\u00e1bado), realizamos na <a href=\"https:\/\/www.instagram.com\/casaneoncunha\/\">Casa Neon Cunha<\/a> um dia especial para todos. No evento em homenagem ao m\u00eas de combate a LGBTfobia ,a casa ficou cheia e recebeu um dia repleto de conquistas e emo\u00e7\u00f5es com lan\u00e7amentos e encontros.<\/p>\n<p>O cronograma do dia come\u00e7ou com o\u00a0 lan\u00e7amento do plano regional de pol\u00edticas p\u00fablicas LGBTQIA+ do ABC, criado para ser direcionado a pol\u00edticas p\u00fablicas que s\u00e3o necess\u00e1rias para essa popula\u00e7\u00e3o, quest\u00f5es de educa\u00e7\u00e3o, sa\u00fade, seguran\u00e7a alimentar entre outras pol\u00edticas foram abordadas para uma qualidade de vida e uma perspectiva de melhoria para esse p\u00fablico.<\/p>\n<h1>Lan\u00e7amentos e encontros<\/h1>\n<p>No plano regional apresentado foi\u00a0 retratado a possibilidade de uma Casa de Abrigo LGBTQIA+ no ABC. O plano foi criado pela Casa Neon Cunha, com a coordena\u00e7\u00e3o do gestor Paulo Araujo e a elabora\u00e7\u00e3o pelo diretor de Desenvolvimento, Ra\u00ed Neres.\u00a0 Depois houve uma roda de conversa sobre pol\u00edticas de repara\u00e7\u00e3o.<\/p>\n<p>Outro ponto chave foi o lan\u00e7amento do site oficial da ONG (organiza\u00e7\u00e3o n\u00e3o-governamental) Casa Neon Cunha, que ajuda a divulgar o nosso prop\u00f3sito, trabalho, informa\u00e7\u00f5es e noticias \u00a0sobre a ONG.\u00a0 Lan\u00e7amento do document\u00e1rio do &#8220;Sonho ao Pertencimento&#8221;, com a dire\u00e7\u00e3o da Casa Neon e a produ\u00e7\u00e3o e cen\u00e1rio da nossa parceira, <a href=\"https:\/\/www.instagram.com\/peruaestudio\/\">Perua Studio<\/a>, que realiza trabalhos sendo produtora de solu\u00e7\u00f5es e est\u00fadio para conte\u00fado \u00e1udio visual.<\/p>\n<p>Na hist\u00f3ria do document\u00e1rio, al\u00e9m de mostrar a realidade das pessoas LGBTQIAP+ que est\u00e3o em situa\u00e7\u00e3o de Rua no ABC paulista, o filme aborda um pouco da hist\u00f3ria de desenvolvimento da Casa Neon Cunha. As principais atrizes s\u00e3o Bruna Agatta e Atena, que desde o in\u00edcio s\u00e3o atendidas pela casa e falam do progresso que esse lugar proporcionou na vida delas e de outras centenas de pessoas.<\/p>\n<p>Para finalizar ainda contamos com a presen\u00e7a dos Mcs Winnit\u00a0 e Mc Nathy da <a href=\"https:\/\/www.instagram.com\/batalhadamatrix\/\">Batalha da Matrix<\/a>. Fazendo rimas com a tem\u00e1tica LGBT para a galera. O evento foi realizado com a ajuda e a parceria da Cris Naumovs, App Somos Mais, Vc Artwork e equipe, Pity Sehbe, <a href=\"https:\/\/www.instagram.com\/peruaestudio\/\">Perua Studio<\/a>, Ag\u00eancia Twist e\u00a0 A <a href=\"https:\/\/www.instagram.com\/batalhadamatrix\/\">Batalha Da Matrix<\/a>,\u00a0 que deram todo seu comprometimento e apoio nos trabalhos realizados.<\/p>\n","protected":false},"excerpt":{"rendered":"<p>&nbsp; Casa Neon Cunha teve lan\u00e7amentos de document\u00e1rio, site e muito mais\u00a0 Durante o dia 27 de maio, (s\u00e1bado), realizamos na Casa Neon Cunha um dia especial para todos. No evento em homenagem ao m\u00eas de combate a LGBTfobia ,a casa ficou cheia e recebeu um dia repleto de conquistas e emo\u00e7\u00f5es com lan\u00e7amentos e [&hellip;]<\/p>\n","protected":false},"author":3,"featured_media":2190,"comment_status":"closed","ping_status":"open","sticky":false,"template":"","format":"standard","meta":{"_et_pb_use_builder":"","_et_pb_old_content":"","_et_gb_content_width":"","_monsterinsights_skip_tracking":false,"_monsterinsights_sitenote_active":false,"_monsterinsights_sitenote_note":"","_monsterinsights_sitenote_category":0,"_uf_show_specific_survey":0,"_uf_disable_surveys":false,"footnotes":""},"categories":[9],"tags":[21,23,17,18,19,20,22],"class_list":["post-2189","post","type-post","status-publish","format-standard","has-post-thumbnail","hentry","category-noticias","tag-batalhadamatrix","tag-documentario","tag-lgbt","tag-lgbtq","tag-lgbtqi","tag-lgbtqia-casaneon","tag-politicaspublicas"],"_links":{"self":[{"href":"https:\/\/casaneoncunha.org\/site\/wp-json\/wp\/v2\/posts\/2189","targetHints":{"allow":["GET"]}}],"collection":[{"href":"https:\/\/casaneoncunha.org\/site\/wp-json\/wp\/v2\/posts"}],"about":[{"href":"https:\/\/casaneoncunha.org\/site\/wp-json\/wp\/v2\/types\/post"}],"author":[{"embeddable":true,"href":"https:\/\/casaneoncunha.org\/site\/wp-json\/wp\/v2\/users\/3"}],"replies":[{"embeddable":true,"href":"https:\/\/casaneoncunha.org\/site\/wp-json\/wp\/v2\/comments?post=2189"}],"version-history":[{"count":10,"href":"https:\/\/casaneoncunha.org\/site\/wp-json\/wp\/v2\/posts\/2189\/revisions"}],"predecessor-version":[{"id":2213,"href":"https:\/\/casaneoncunha.org\/site\/wp-json\/wp\/v2\/posts\/2189\/revisions\/2213"}],"wp:featuredmedia":[{"embeddable":true,"href":"https:\/\/casaneoncunha.org\/site\/wp-json\/wp\/v2\/media\/2190"}],"wp:attachment":[{"href":"https:\/\/casaneoncunha.org\/site\/wp-json\/wp\/v2\/media?parent=2189"}],"wp:term":[{"taxonomy":"category","embeddable":true,"href":"https:\/\/casaneoncunha.org\/site\/wp-json\/wp\/v2\/categories?post=2189"},{"taxonomy":"post_tag","embeddable":true,"href":"https:\/\/casaneoncunha.org\/site\/wp-json\/wp\/v2\/tags?post=2189"}],"curies":[{"name":"wp","href":"https:\/\/api.w.org\/{rel}","templated":true}]}}