{"id":2453,"date":"2024-06-03T13:03:24","date_gmt":"2024-06-03T13:03:24","guid":{"rendered":"https:\/\/casaneoncunha.org\/site\/?p=2453"},"modified":"2024-11-12T14:22:44","modified_gmt":"2024-11-12T17:22:44","slug":"burger-king-e-banda-uo-lancam-chakde-de-amor-para-ajudar-casa-neon","status":"publish","type":"post","link":"https:\/\/casaneoncunha.org\/site\/burger-king-e-banda-uo-lancam-chakde-de-amor-para-ajudar-casa-neon\/","title":{"rendered":"Burger King e Banda U\u00f3 lan\u00e7am &#8220;Shake de Amor&#8221; para ajudar Casa Neon"},"content":{"rendered":"<h1>&#8220;Shake de Amor&#8221; \u00e9 lan\u00e7ado na 28\u00aa Parada LGBTQIA+ de S\u00e3o Paulo para ajudar casa de apoio do ABC Paulista<\/h1>\n<p><img loading=\"lazy\" decoding=\"async\" class=\"size-large wp-image-2455 aligncenter\" src=\"https:\/\/casaneoncunha.org\/site\/wp-content\/uploads\/2024\/06\/capa-campanha-bk-24-1024x819.png\" alt=\"\" width=\"1024\" height=\"819\" srcset=\"https:\/\/casaneoncunha.org\/site\/wp-content\/uploads\/2024\/06\/capa-campanha-bk-24-980x784.png 980w, https:\/\/casaneoncunha.org\/site\/wp-content\/uploads\/2024\/06\/capa-campanha-bk-24-480x384.png 480w\" sizes=\"auto, (min-width: 0px) and (max-width: 480px) 480px, (min-width: 481px) and (max-width: 980px) 980px, (min-width: 981px) 1024px, 100vw\" \/><\/p>\n<p>Burker King, cumprindo a tradi\u00e7\u00e3o de se posicionar pela diversidade, comparece na 28\u00aa PArada LGBTQIA+ de S\u00e3o Paulo. Dessa vez, com um feito muito especial. Em parceria com a <a href=\"https:\/\/www.instagram.com\/bandauo\">Banda U\u00f3<\/a>, que retornou aos palcos em 2024, a marca lan\u00e7ou o &#8220;Shake de Amor&#8221;, uma edi\u00e7\u00e3o especial do milkshake de morango inspirado na m\u00fasica lan\u00e7ada em 2011.<\/p>\n<p>Durante todo o dia 02 de junho, participantes da 28\u00aa edi\u00e7\u00e3o da maior parada LGBT do mundo poderiam passar por uma das 4 unidades do Burger King ao longo da Avenida Paulista, em S\u00e3o Paulo, e pedir pelo Shake de Amor.<\/p>\n<blockquote class=\"instagram-media\" style=\"background: #FFF; border: 0; border-radius: 3px; box-shadow: 0 0 1px 0 rgba(0,0,0,0.5),0 1px 10px 0 rgba(0,0,0,0.15); margin: 1px; max-width: 540px; min-width: 326px; padding: 0; width: calc(100% - 2px);\" data-instgrm-captioned=\"\" data-instgrm-permalink=\"https:\/\/www.instagram.com\/p\/C7sHzUbvWzk\/?utm_source=ig_embed&amp;utm_campaign=loading\" data-instgrm-version=\"14\">\n<div style=\"padding: 16px;\">\n<div style=\"display: flex; flex-direction: row; align-items: center; text-align: left;\">\n<div style=\"background-color: #f4f4f4; border-radius: 50%; flex-grow: 0; height: 40px; margin-right: 14px; width: 40px;\"><\/div>\n<div style=\"display: flex; flex-direction: column; flex-grow: 1; justify-content: center;\">\n<div style=\"background-color: #f4f4f4; border-radius: 4px; flex-grow: 0; height: 14px; margin-bottom: 6px; width: 100px;\"><\/div>\n<div style=\"background-color: #f4f4f4; border-radius: 4px; flex-grow: 0; height: 14px; width: 60px;\"><\/div>\n<\/div>\n<\/div>\n<div style=\"padding: 19% 0px; text-align: left;\"><\/div>\n<div style=\"display: block; height: 50px; margin: 0px auto 12px; width: 50px; text-align: left;\"><\/div>\n<div style=\"padding-top: 8px; text-align: left;\">\n<div style=\"color: #3897f0; font-family: Arial,sans-serif; font-size: 14px; font-style: normal; font-weight: 550; line-height: 18px;\">Ver essa foto no Instagram<\/div>\n<\/div>\n<div style=\"padding: 12.5% 0px; text-align: left;\"><\/div>\n<div style=\"display: flex; flex-direction: row; margin-bottom: 14px; align-items: center; text-align: left;\">\n<div>\n<div style=\"background-color: #f4f4f4; border-radius: 50%; height: 12.5px; width: 12.5px; transform: translateX(0px) translateY(7px);\"><\/div>\n<div style=\"background-color: #f4f4f4; height: 12.5px; transform: rotate(-45deg) translateX(3px) translateY(1px); width: 12.5px; flex-grow: 0; margin-right: 14px; margin-left: 2px;\"><\/div>\n<div style=\"background-color: #f4f4f4; border-radius: 50%; height: 12.5px; width: 12.5px; transform: translateX(9px) translateY(-18px);\"><\/div>\n<\/div>\n<div style=\"margin-left: 8px;\">\n<div style=\"background-color: #f4f4f4; border-radius: 50%; flex-grow: 0; height: 20px; width: 20px;\"><\/div>\n<div style=\"width: 0; height: 0; border-top: 2px solid transparent; border-left: 6px solid #f4f4f4; border-bottom: 2px solid transparent; transform: translateX(16px) translateY(-4px) rotate(30deg);\"><\/div>\n<\/div>\n<div style=\"margin-left: auto;\">\n<div style=\"width: 0px; border-top: 8px solid #F4F4F4; border-right: 8px solid transparent; transform: translateY(16px);\"><\/div>\n<div style=\"background-color: #f4f4f4; flex-grow: 0; height: 12px; width: 16px; transform: translateY(-4px);\"><\/div>\n<div style=\"width: 0; height: 0; border-top: 8px solid #F4F4F4; border-left: 8px solid transparent; transform: translateY(-4px) translateX(8px);\"><\/div>\n<\/div>\n<\/div>\n<div style=\"display: flex; flex-direction: column; flex-grow: 1; justify-content: center; margin-bottom: 24px; text-align: left;\">\n<div style=\"background-color: #f4f4f4; border-radius: 4px; flex-grow: 0; height: 14px; margin-bottom: 6px; width: 224px;\"><\/div>\n<div style=\"background-color: #f4f4f4; border-radius: 4px; flex-grow: 0; height: 14px; width: 144px;\"><\/div>\n<\/div>\n<p style=\"color: #c9c8cd; font-family: Arial, sans-serif; font-size: 14px; line-height: 17px; margin-bottom: 0px; margin-top: 8px; overflow: hidden; padding: 8px 0px 7px; text-overflow: ellipsis; white-space: nowrap; text-align: left;\"><a style=\"color: #c9c8cd; font-family: Arial,sans-serif; font-size: 14px; font-style: normal; font-weight: normal; line-height: 17px; text-decoration: none;\" href=\"https:\/\/www.instagram.com\/p\/C7sHzUbvWzk\/?utm_source=ig_embed&amp;utm_campaign=loading\" target=\"_blank\" rel=\"noopener\">Uma publica\u00e7\u00e3o compartilhada por Burger King BR (@burgerkingbr)<\/a><\/p>\n<\/div>\n<\/blockquote>\n<p><script async src=\"\/\/www.instagram.com\/embed.js\"><\/script><\/p>\n<p>A campanha tinha como objetivo mobilizar a comunidade LGBTQIA+ presente nessa grande celebra\u00e7\u00e3o a contribuir com a <a href=\"https:\/\/casaneoncunha.org\/site\/\">Casa Neon Cunha<\/a>, casa de acolhimento \u00e0 popula\u00e7\u00e3o LGBTQIA+ em situa\u00e7\u00e3o de extrema vulnerabilidade social que atende o territ\u00f3rio do ABC paulista.<\/p>\n<p>Para isso, o Burger King adicionou em volta dos copos do Shake de Amor um informativo sobre a Casa Neon e um QR Code para que as pessoas pudessem, de forma direta, realizar sua doa\u00e7\u00f5es pelo pix da Casa.<\/p>\n<p><img loading=\"lazy\" decoding=\"async\" class=\"wp-image-2461 aligncenter\" src=\"https:\/\/casaneoncunha.org\/site\/wp-content\/uploads\/2024\/06\/candy-mel-banda-uo-apoia-casa-neon-ong-lgbt-burger-king-shake-de-amor-580x1024.png\" alt=\"\" width=\"415\" height=\"733\" \/><\/p>\n<p>A vocalista da Banda U\u00f3, <a href=\"https:\/\/www.instagram.com\/melpormel\/\">Candy Mel<\/a>, refor\u00e7ou em seu instagram a import\u00e2ncia da campanha e a satisfa\u00e7\u00e3o de fazer parte desse movimento em prol da casa de acolhimento.<\/p>\n<p>A a\u00e7\u00e3o trouxe mais visibilidade \u00e0 Casa Neon e o p\u00fablico do restante do Brasil n\u00e3o demorou a pedir que ela se repetisse tamb\u00e9m em outros estados brasileiros.<\/p>\n<p><img loading=\"lazy\" decoding=\"async\" class=\"size-full wp-image-2457 aligncenter\" src=\"https:\/\/casaneoncunha.org\/site\/wp-content\/uploads\/2024\/06\/comentario-pedroraphaelhenrique-instagram-burger-king-shake-de-amor-casa-neon-cunha-ong-lgbt.png\" alt=\"\" width=\"445\" height=\"87\" srcset=\"https:\/\/casaneoncunha.org\/site\/wp-content\/uploads\/2024\/06\/comentario-pedroraphaelhenrique-instagram-burger-king-shake-de-amor-casa-neon-cunha-ong-lgbt.png 445w, https:\/\/casaneoncunha.org\/site\/wp-content\/uploads\/2024\/06\/comentario-pedroraphaelhenrique-instagram-burger-king-shake-de-amor-casa-neon-cunha-ong-lgbt-300x59.png 300w\" sizes=\"auto, (max-width: 445px) 100vw, 445px\" \/><\/p>\n<p>Entretanto, provando que nem as grandes marcas est\u00e3o imunes \u00e0 cultura da homofobia, o mesmo post sofreu uma enchente de coment\u00e1rios intolerantes alegando que n\u00e3o consumiriam mais os produtos da marca e iriam para o concorrente.<\/p>\n<p><img loading=\"lazy\" decoding=\"async\" class=\"size-full wp-image-2458 aligncenter\" src=\"https:\/\/casaneoncunha.org\/site\/wp-content\/uploads\/2024\/06\/comentario-homofobico-bk-casa-neon-shake-de-amor-banda-uo.png\" alt=\"\" width=\"442\" height=\"68\" srcset=\"https:\/\/casaneoncunha.org\/site\/wp-content\/uploads\/2024\/06\/comentario-homofobico-bk-casa-neon-shake-de-amor-banda-uo.png 442w, https:\/\/casaneoncunha.org\/site\/wp-content\/uploads\/2024\/06\/comentario-homofobico-bk-casa-neon-shake-de-amor-banda-uo-300x46.png 300w\" sizes=\"auto, (max-width: 442px) 100vw, 442px\" \/><\/p>\n<p>O que a maior parte desses usu\u00e1rios n\u00e3o sabe &#8211; ou n\u00e3o se lembra &#8211; \u00e9 que o compromisso do Burger King com a causa LGBTQIA+ se estende por muitos anos, e essa n\u00e3o \u00e9 a primeira vez que a marca de fastfood recebe retalia\u00e7\u00e3o. Em 2021, a <a href=\"https:\/\/economia.uol.com.br\/noticias\/redacao\/2021\/06\/25\/campanha-lgbt-do-burger-king-com-criancas-e-alvo-de-criticas-nas-web.htm#:~:text=Uma%20campanha%20LGBTQIA%2B%20lan\u00e7ada%20pelo,as%20mais%20faladas%20no%20Twitter.\">campanha que tinha como mote a vis\u00e3o das crian\u00e7as sobreo amor LGBTQIA+<\/a> sofreu uma s\u00e9rie de ataques dos autointitulados &#8220;cidad\u00e3os de bem&#8221;. Entretanto, o tiro saiu pela culatra. Os ataques aumentaram a visibilidade da marca exponencialmente, entrando nos Trending Topics do Twitter.<\/p>\n<p>Assista a campanha pol\u00eamica abaixo:<\/p>\n<p style=\"text-align: center;\"><iframe loading=\"lazy\" title=\"YouTube video player\" src=\"https:\/\/www.youtube.com\/embed\/301GMPrHt7M?si=BS2mRbQ-Iw0xIv0q\" width=\"560\" height=\"315\" frameborder=\"0\" allowfullscreen=\"allowfullscreen\"><\/iframe><\/p>\n<p>Perguntada sobre a recep\u00e7\u00e3o negativa da marca, Juliana Cury, ent\u00e3o diretora da marca Burger King do Brasil, seclarou: \u201cO lan\u00e7amento da campanha tem como objetivo endere\u00e7ar um ponto de reflex\u00e3o \u00e0 popula\u00e7\u00e3o em geral.\u00a0<b>O preconceito \u00e9 uma constru\u00e7\u00e3o social<\/b> e, com toda a responsabilidade que nos cabe enquanto companhia, conseguimos mostrar que os pequenos carregam o discernimento a partir de um olhar muito sens\u00edvel e humano\u201d.<\/p>\n<p>Essa tamb\u00e9m n\u00e3o \u00e9 a primeira vez que o Burger King apoia a Casa Neon Cunha em suas campanhas de diversidade. Em 2023, na campanha &#8220;<a href=\"https:\/\/youtu.be\/OsirlzrIbbI?si=gZ-u5z5HM63cNWki\">Fam\u00edlia \u00e9 quem acolhe<\/a>&#8220;, a rede convidou Thamyres Visgueira, membra da Diretoria da Casa Neon Cunha e Presidenta da Associa\u00e7\u00e3o da Parada LGBTQIA+ de S\u00e3o Bernardo do Campo para participar do filme. Al\u00e9m disso, finalizou o v\u00eddeo da campanha<\/p>\n<p><img loading=\"lazy\" decoding=\"async\" class=\"wp-image-2459 aligncenter\" src=\"https:\/\/casaneoncunha.org\/site\/wp-content\/uploads\/2024\/06\/thamyres-campanha-burger-king-2023-casa-neon-1024x575.png\" alt=\"\" width=\"557\" height=\"313\" \/><img loading=\"lazy\" decoding=\"async\" class=\"wp-image-2460 aligncenter\" src=\"https:\/\/casaneoncunha.org\/site\/wp-content\/uploads\/2024\/06\/imagem_2024-06-03_105038428-1024x574.png\" alt=\"\" width=\"557\" height=\"312\" \/><\/p>\n<p>A marca tamb\u00e9m fez uma doa\u00e7\u00e3o em dinheiro para viabilizar a continuidade das atividades de repara\u00e7\u00e3o desenvolvidas pela Casa Neon e repete o feito em 2024.<\/p>\n<p>Se a sua marca tamb\u00e9m quer fazer parte dessa mobiliza\u00e7\u00e3o em prol da transforma\u00e7\u00e3o social na vida de Pessoas LGBTQIA+ em situa\u00e7\u00e3o de vulnerabilidade social, entre em contato conosco pelo e-mail contato@casaneoncunha.org. Estamos abertos a desenvolver projetos em parceria que reforcem o compromisso da sua marca com a comunidade LGBTQIA+.<\/p>\n","protected":false},"excerpt":{"rendered":"<p>&#8220;Shake de Amor&#8221; \u00e9 lan\u00e7ado na 28\u00aa Parada LGBTQIA+ de S\u00e3o Paulo para ajudar casa de apoio do ABC Paulista Burker King, cumprindo a tradi\u00e7\u00e3o de se posicionar pela diversidade, comparece na 28\u00aa PArada LGBTQIA+ de S\u00e3o Paulo. Dessa vez, com um feito muito especial. Em parceria com a Banda U\u00f3, que retornou aos palcos [&hellip;]<\/p>\n","protected":false},"author":5,"featured_media":2455,"comment_status":"closed","ping_status":"closed","sticky":false,"template":"","format":"standard","meta":{"_et_pb_use_builder":"","_et_pb_old_content":"","_et_gb_content_width":"","_monsterinsights_skip_tracking":false,"_monsterinsights_sitenote_active":false,"_monsterinsights_sitenote_note":"","_monsterinsights_sitenote_category":0,"_uf_show_specific_survey":0,"_uf_disable_surveys":false,"footnotes":""},"categories":[81],"tags":[87,83,82,88,85,84,86],"class_list":["post-2453","post","type-post","status-publish","format-standard","has-post-thumbnail","hentry","category-campanhas","tag-banda-uo","tag-burger-king","tag-campanha-de-publicidade","tag-campanha-lgbt","tag-parada-lgbt","tag-parceiros-casa-neon","tag-shake-de-amor"],"_links":{"self":[{"href":"https:\/\/casaneoncunha.org\/site\/wp-json\/wp\/v2\/posts\/2453","targetHints":{"allow":["GET"]}}],"collection":[{"href":"https:\/\/casaneoncunha.org\/site\/wp-json\/wp\/v2\/posts"}],"about":[{"href":"https:\/\/casaneoncunha.org\/site\/wp-json\/wp\/v2\/types\/post"}],"author":[{"embeddable":true,"href":"https:\/\/casaneoncunha.org\/site\/wp-json\/wp\/v2\/users\/5"}],"replies":[{"embeddable":true,"href":"https:\/\/casaneoncunha.org\/site\/wp-json\/wp\/v2\/comments?post=2453"}],"version-history":[{"count":3,"href":"https:\/\/casaneoncunha.org\/site\/wp-json\/wp\/v2\/posts\/2453\/revisions"}],"predecessor-version":[{"id":2464,"href":"https:\/\/casaneoncunha.org\/site\/wp-json\/wp\/v2\/posts\/2453\/revisions\/2464"}],"wp:featuredmedia":[{"embeddable":true,"href":"https:\/\/casaneoncunha.org\/site\/wp-json\/wp\/v2\/media\/2455"}],"wp:attachment":[{"href":"https:\/\/casaneoncunha.org\/site\/wp-json\/wp\/v2\/media?parent=2453"}],"wp:term":[{"taxonomy":"category","embeddable":true,"href":"https:\/\/casaneoncunha.org\/site\/wp-json\/wp\/v2\/categories?post=2453"},{"taxonomy":"post_tag","embeddable":true,"href":"https:\/\/casaneoncunha.org\/site\/wp-json\/wp\/v2\/tags?post=2453"}],"curies":[{"name":"wp","href":"https:\/\/api.w.org\/{rel}","templated":true}]}}