{"id":2897,"date":"2025-08-26T15:57:04","date_gmt":"2025-08-26T18:57:04","guid":{"rendered":"https:\/\/casaneoncunha.org\/site\/?p=2897"},"modified":"2025-10-15T13:57:53","modified_gmt":"2025-10-15T16:57:53","slug":"1-ano-abrigo-24h-lgbt-do-abc-paulista","status":"publish","type":"post","link":"https:\/\/casaneoncunha.org\/site\/1-ano-abrigo-24h-lgbt-do-abc-paulista\/","title":{"rendered":"Conquista: 1 ano do primeiro abrigo 24h do ABC Paulista"},"content":{"rendered":"<p data-start=\"391\" data-end=\"736\"><img loading=\"lazy\" decoding=\"async\" class=\"alignnone size-large wp-image-2898\" src=\"https:\/\/casaneoncunha.org\/site\/wp-content\/uploads\/2025\/08\/cabecalho-email-1024x341.png\" alt=\"\" width=\"1024\" height=\"341\" srcset=\"https:\/\/casaneoncunha.org\/site\/wp-content\/uploads\/2025\/08\/cabecalho-email-980x327.png 980w, https:\/\/casaneoncunha.org\/site\/wp-content\/uploads\/2025\/08\/cabecalho-email-480x160.png 480w\" sizes=\"auto, (min-width: 0px) and (max-width: 480px) 480px, (min-width: 481px) and (max-width: 980px) 980px, (min-width: 981px) 1024px, 100vw\" \/><\/p>\n<p data-start=\"435\" data-end=\"800\">H\u00e1 um ano, nosso maior sonho se tornou real: abrimos as portas do abrigo 24 horas da Casa Neon Cunha. Antes, \u00e9ramos uma casa de acolhida que funcionava das 8h \u00e0s 17h oferecendo suporte psicossocial, alimenta\u00e7\u00e3o, cestas b\u00e1sicas e um espa\u00e7o seguro de conviv\u00eancia. A partir do dia 19 de agosto de 2024, a Casa se tornou mais do que uma casa de acolhida: virou um lar. De l\u00e1 pra c\u00e1, constru\u00edmos muito mais do que um teto \u2014 fortalecemos uma rede de prote\u00e7\u00e3o, afeto e direitos para quem precisa sair de casa \u00e0s pressas, pedir ajuda de madrugada ou simplesmente encontrar seguran\u00e7a para recome\u00e7ar.<\/p>\n<h2 data-start=\"802\" data-end=\"827\">Por que um abrigo 24h?<\/h2>\n<p data-start=\"828\" data-end=\"1216\">A viol\u00eancia e a vulnerabilidade n\u00e3o t\u00eam hor\u00e1rio comercial. O acesso a um espa\u00e7o seguro durante a madrugada salva vidas, reduz riscos e evita que viol\u00eancias se repitam. Nosso abrigo 24h funciona como uma porta aberta e afirmativa: respeita o nome social, garante um lugar de descanso, alimenta\u00e7\u00e3o, banho, apoio psicossocial e encaminhamentos necess\u00e1rios para sa\u00fade, assist\u00eancia e prote\u00e7\u00e3o.<\/p>\n<h2 data-start=\"828\" data-end=\"1216\">Visita da Erika Hilton<\/h2>\n<p>Nas v\u00e9speras de completar um ano, a Casa Neon recebeu a visita da Deputada Estadual Erika Hilton (PSOL), que destinou R$1.440.000 em emenda parlamentare &#8211; compromisso que viabilizou a abertura do primeiro abrigo LGBTQIA+ do ABC Paulista.<\/p>\n<p>Na visita, Erika pode visualizar o avan\u00e7o do projeto a partir do investimento destinado e refor\u00e7ar seu compromisso com organiza\u00e7\u00f5es que trabalham na ponta para amenizar as desigualdades que ela, no parlamento, luta para combater no \u00e2mbito sist\u00eamico.<\/p>\n<p>&#8220;Espa\u00e7os como esse s\u00e3o importantes para impulsionar a nossa popula\u00e7\u00e3o a alcan\u00e7ar outros lugares. N\u00f3s n\u00e3o queremos que as pessoas vivam de casas de acolhida a vida inteira. N\u00f3s n\u00e3o achamos que as casas de acolhida devam ser uma pol\u00edtica permanente. Mas elas s\u00e3o fundamentais para garantir a autonomia de pessoas que est\u00e3o \u00e0s margens da sociedade&#8221; disse a deputada no <a href=\"https:\/\/www.instagram.com\/reel\/DNiQ64Mg3WM\/?igsh=MW9mbnBmejk0Ymp1aw==\">v\u00eddeo<\/a> que fez sobre o anivers\u00e1rio do abrigo.<\/p>\n<p><img loading=\"lazy\" decoding=\"async\" class=\"alignnone size-large wp-image-2903\" src=\"https:\/\/casaneoncunha.org\/site\/wp-content\/uploads\/2025\/08\/WhatsApp-Image-2025-08-26-at-15.45.21-1024x767.jpeg\" alt=\"\" width=\"1024\" height=\"767\" srcset=\"https:\/\/casaneoncunha.org\/site\/wp-content\/uploads\/2025\/08\/WhatsApp-Image-2025-08-26-at-15.45.21-980x734.jpeg 980w, https:\/\/casaneoncunha.org\/site\/wp-content\/uploads\/2025\/08\/WhatsApp-Image-2025-08-26-at-15.45.21-480x360.jpeg 480w\" sizes=\"auto, (min-width: 0px) and (max-width: 480px) 480px, (min-width: 481px) and (max-width: 980px) 980px, (min-width: 981px) 1024px, 100vw\" \/><\/p>\n<h2 data-start=\"1218\" data-end=\"1257\">O que conquistamos neste primeiro ano<\/h2>\n<ul data-start=\"864\" data-end=\"1770\">\n<li data-start=\"864\" data-end=\"897\">\n<p data-start=\"866\" data-end=\"897\"><strong data-start=\"866\" data-end=\"895\">28.800 refei\u00e7\u00f5es servidas<\/strong><\/p>\n<\/li>\n<li data-start=\"898\" data-end=\"929\">\n<p data-start=\"900\" data-end=\"929\"><strong data-start=\"900\" data-end=\"927\">5.760 banhos oferecidos<\/strong><\/p>\n<\/li>\n<li data-start=\"1015\" data-end=\"1043\">\n<p data-start=\"1017\" data-end=\"1043\"><strong data-start=\"1017\" data-end=\"1041\">55 pessoas abrigadas<\/strong><\/p>\n<\/li>\n<li data-start=\"1102\" data-end=\"1142\">\n<p data-start=\"1104\" data-end=\"1142\"><strong data-start=\"1104\" data-end=\"1140\">1.239 atendimentos psicossociais<\/strong><\/p>\n<\/li>\n<li data-start=\"1143\" data-end=\"1177\">\n<p data-start=\"1145\" data-end=\"1177\"><strong data-start=\"1145\" data-end=\"1175\">564 atendimentos jur\u00eddicos<\/strong><\/p>\n<\/li>\n<li data-start=\"1178\" data-end=\"1367\">\n<p data-start=\"1180\" data-end=\"1367\"><strong data-start=\"1180\" data-end=\"1208\">154 forma\u00e7\u00f5es conclu\u00eddas<\/strong><\/p>\n<\/li>\n<li data-start=\"1549\" data-end=\"1598\">\n<p data-start=\"1551\" data-end=\"1598\"><strong data-start=\"1551\" data-end=\"1596\">Mais de 2.400 cestas b\u00e1sicas distribu\u00eddas<\/strong><\/p>\n<\/li>\n<li data-start=\"1599\" data-end=\"1770\">\n<p data-start=\"1601\" data-end=\"1770\"><strong data-start=\"1601\" data-end=\"1679\">220 pessoas trans e travestis atendidas em a\u00e7\u00f5es nas zonas de prostitui\u00e7\u00e3o<\/strong><\/p>\n<\/li>\n<\/ul>\n<h2 data-start=\"2443\" data-end=\"2460\">O que nos move<\/h2>\n<p data-start=\"2461\" data-end=\"2741\">Seguimos comprometidas com a defesa da vida e dos direitos de pessoas LGBTI+ e aliadas em situa\u00e7\u00e3o de viol\u00eancia ou vulnerabilidade. Acolher n\u00e3o \u00e9 apenas abrir um espa\u00e7o: \u00e9 garantir que cada pessoa seja reconhecida, chamada pelo seu nome e apoiada a reconstruir caminhos poss\u00edveis.<\/p>\n<h2 data-start=\"2743\" data-end=\"2767\">O que vem pela frente<\/h2>\n<p data-start=\"2768\" data-end=\"2799\">Para o pr\u00f3ximo ciclo, queremos:<\/p>\n<ul data-start=\"2800\" data-end=\"3185\">\n<li data-start=\"2800\" data-end=\"2901\">\n<p data-start=\"2802\" data-end=\"2901\"><strong data-start=\"2802\" data-end=\"2841\">Ampliar a capacidade de acolhimento<\/strong> de 16 para 24 leitos para suprir a demanda da fila de espera.<\/p>\n<\/li>\n<li data-start=\"2902\" data-end=\"2995\">\n<p data-start=\"2904\" data-end=\"2995\"><strong data-start=\"2904\" data-end=\"2928\">Qualificar o cuidado<\/strong> com forma\u00e7\u00e3o cont\u00ednua da equipe e protocolos ainda mais seguros.<\/p>\n<\/li>\n<li data-start=\"2996\" data-end=\"3085\">\n<p data-start=\"2998\" data-end=\"3085\"><strong data-start=\"2998\" data-end=\"3043\">Fortalecer a inser\u00e7\u00e3o social e produtiva,<\/strong> com apoio a estudo, trabalho e moradia.<\/p>\n<\/li>\n<li data-start=\"3086\" data-end=\"3185\">\n<p data-start=\"3088\" data-end=\"3185\"><strong data-start=\"3088\" data-end=\"3113\">Conectar mais a rede,<\/strong> aproximando servi\u00e7os p\u00fablicos, organiza\u00e7\u00f5es e iniciativas comunit\u00e1rias.<\/p>\n<\/li>\n<\/ul>\n<h2 data-start=\"3187\" data-end=\"3211\">Como voc\u00ea pode apoiar<\/h2>\n<p data-start=\"3212\" data-end=\"3309\">Nosso abrigo 24h existe porque muitas m\u00e3os sustentam essa casa. Voc\u00ea pode somar de v\u00e1rias formas:<\/p>\n<ul data-start=\"3310\" data-end=\"3694\">\n<li data-start=\"3310\" data-end=\"3409\">\n<p data-start=\"3312\" data-end=\"3409\"><strong data-start=\"3312\" data-end=\"3334\">Doa\u00e7\u00e3o recorrente:<\/strong> contribui\u00e7\u00f5es mensais d\u00e3o previsibilidade e mant\u00eam o abrigo funcionando.<\/p>\n<\/li>\n<li data-start=\"3410\" data-end=\"3515\">\n<p data-start=\"3412\" data-end=\"3515\"><strong data-start=\"3412\" data-end=\"3432\">Doa\u00e7\u00e3o de itens:<\/strong> alimentos, produtos de higiene e limpeza, roupas e roupas de cama em bom estado.<\/p>\n<\/li>\n<li data-start=\"3516\" data-end=\"3609\">\n<p data-start=\"3518\" data-end=\"3609\"><strong data-start=\"3518\" data-end=\"3546\">Voluntariado e servi\u00e7os:<\/strong> tempo, habilidades profissionais e parcerias institucionais.<\/p>\n<\/li>\n<li data-start=\"3610\" data-end=\"3694\">\n<p data-start=\"3612\" data-end=\"3694\"><strong data-start=\"3612\" data-end=\"3627\">Divulga\u00e7\u00e3o:<\/strong> compartilhe nosso trabalho e ajude a ampliar a rede de prote\u00e7\u00e3o.<\/p>\n<\/li>\n<\/ul>\n<p data-start=\"3696\" data-end=\"3795\">Para doar, voluntariar ou firmar parcerias, procure nossos canais oficiais. Toda ajuda \u00e9 bem-vinda.<\/p>\n<h2 data-start=\"3797\" data-end=\"3815\">Obrigada, rede!<\/h2>\n<p data-start=\"3816\" data-end=\"4068\">A cada pessoa apoiadora, vizinhan\u00e7a, coletivos, profissionais e servi\u00e7os parceiros: obrigada. Um ano de abrigo 24h \u00e9 uma conquista coletiva. Que sigamos transformando noites de medo em amanheceres de cuidado, com a for\u00e7a de quem n\u00e3o desiste de ningu\u00e9m.<\/p>\n<p data-start=\"4070\" data-end=\"4156\"><strong data-start=\"4070\" data-end=\"4156\">Casa Neon Cunha \u2014 de portas abertas, 24 horas por dia, pelo tempo que for preciso.<\/strong><\/p>\n","protected":false},"excerpt":{"rendered":"<p>H\u00e1 um ano, nosso maior sonho se tornou real: abrimos as portas do abrigo 24 horas da Casa Neon Cunha. Antes, \u00e9ramos uma casa de acolhida que funcionava das 8h \u00e0s 17h oferecendo suporte psicossocial, alimenta\u00e7\u00e3o, cestas b\u00e1sicas e um espa\u00e7o seguro de conviv\u00eancia. A partir do dia 19 de agosto de 2024, a Casa [&hellip;]<\/p>\n","protected":false},"author":5,"featured_media":2903,"comment_status":"closed","ping_status":"closed","sticky":false,"template":"","format":"standard","meta":{"_et_pb_use_builder":"","_et_pb_old_content":"","_et_gb_content_width":"","_monsterinsights_skip_tracking":false,"_monsterinsights_sitenote_active":false,"_monsterinsights_sitenote_note":"","_monsterinsights_sitenote_category":0,"_uf_show_specific_survey":0,"_uf_disable_surveys":false,"footnotes":""},"categories":[9],"tags":[],"class_list":["post-2897","post","type-post","status-publish","format-standard","has-post-thumbnail","hentry","category-noticias"],"_links":{"self":[{"href":"https:\/\/casaneoncunha.org\/site\/wp-json\/wp\/v2\/posts\/2897","targetHints":{"allow":["GET"]}}],"collection":[{"href":"https:\/\/casaneoncunha.org\/site\/wp-json\/wp\/v2\/posts"}],"about":[{"href":"https:\/\/casaneoncunha.org\/site\/wp-json\/wp\/v2\/types\/post"}],"author":[{"embeddable":true,"href":"https:\/\/casaneoncunha.org\/site\/wp-json\/wp\/v2\/users\/5"}],"replies":[{"embeddable":true,"href":"https:\/\/casaneoncunha.org\/site\/wp-json\/wp\/v2\/comments?post=2897"}],"version-history":[{"count":1,"href":"https:\/\/casaneoncunha.org\/site\/wp-json\/wp\/v2\/posts\/2897\/revisions"}],"predecessor-version":[{"id":2904,"href":"https:\/\/casaneoncunha.org\/site\/wp-json\/wp\/v2\/posts\/2897\/revisions\/2904"}],"wp:featuredmedia":[{"embeddable":true,"href":"https:\/\/casaneoncunha.org\/site\/wp-json\/wp\/v2\/media\/2903"}],"wp:attachment":[{"href":"https:\/\/casaneoncunha.org\/site\/wp-json\/wp\/v2\/media?parent=2897"}],"wp:term":[{"taxonomy":"category","embeddable":true,"href":"https:\/\/casaneoncunha.org\/site\/wp-json\/wp\/v2\/categories?post=2897"},{"taxonomy":"post_tag","embeddable":true,"href":"https:\/\/casaneoncunha.org\/site\/wp-json\/wp\/v2\/tags?post=2897"}],"curies":[{"name":"wp","href":"https:\/\/api.w.org\/{rel}","templated":true}]}}