{"id":3036,"date":"2026-03-05T16:28:25","date_gmt":"2026-03-05T19:28:25","guid":{"rendered":"https:\/\/casaneoncunha.org\/site\/?p=3036"},"modified":"2026-03-05T16:29:46","modified_gmt":"2026-03-05T19:29:46","slug":"se-a-casa-neon-cunha-acabar-quem-vai-servir-o-prato-que-hoje-servimos","status":"publish","type":"post","link":"https:\/\/casaneoncunha.org\/site\/se-a-casa-neon-cunha-acabar-quem-vai-servir-o-prato-que-hoje-servimos\/","title":{"rendered":"Se a Casa Neon Cunha acabar, quem vai servir o prato que hoje servimos?"},"content":{"rendered":"<p data-start=\"314\" data-end=\"767\">A Casa Neon Cunha fo <strong>fundada em 2018, em S\u00e3o Bernardo do Campo<\/strong>, no ABC Paulista, a iniciativa nasceu de uma necessidade urgente: <strong>acolher pessoas LGBTQIA+ <\/strong>em situa\u00e7\u00e3o de <strong>extrema vulnerabilidade.<\/strong> Pessoas expulsas de casa, v\u00edtimas de viol\u00eancia ou sem qualquer rede de apoio. Desde o in\u00edcio, a proposta foi simples e ao mesmo tempo essencial: oferecer moradia provis\u00f3ria, prote\u00e7\u00e3o e dignidade para quem teve direitos b\u00e1sicos negadosl.<\/p>\n<p>Quando a Casa Neon inaugurou sua sede f\u00edsica, em 2021, t<strong>ornou-se o \u00fanico abrigo espec\u00edfico para pessoas LGBTQIA+<\/strong> em situa\u00e7\u00e3o de vulnerabilidade em toda a regi\u00e3o do ABC Paulista. A iniciativa se transformou em uma refer\u00eancia regional, mas tamb\u00e9m exp\u00f4s um desafio profundo: a <strong>aus\u00eancia de pol\u00edticas p\u00fablicas<\/strong> estruturadas e <strong>financiamento<\/strong> cont\u00ednuo para esse tipo de servi\u00e7o.\u00a0Na pr\u00e1tica, isso significa que um trabalho reconhecido pela rede de sa\u00fade e assist\u00eancia social ainda <strong>depende de mobiliza\u00e7\u00e3o<\/strong> constante para continuar existindo.<\/p>\n<p>Em 2025, o abrigo ampliou sua capacidade de acolhimento de <strong>16 para 24 vagas<\/strong> ap\u00f3s identificar que pessoas estavam dormindo nas ruas enquanto aguardavam uma oportunidade de entrar no servi\u00e7o. Hoje, <em>todas as vagas est\u00e3o ocupadas.<\/em><\/p>\n<p data-start=\"2677\" data-end=\"3023\">Al\u00e9m do acolhimento residencial, a organiza\u00e7\u00e3o realiza trabalho de campo com mulheres trans trabalhadoras do mercado sexual, oferecendo orienta\u00e7\u00e3o, escuta e encaminhamento para servi\u00e7os de sa\u00fade e assist\u00eancia. No total, a Casa Neon atende a<strong>t\u00e9 250 pesso<\/strong>as por m\u00eas por meio de suas diferentes frentes de atua\u00e7\u00e3o.<\/p>\n<p data-start=\"3025\" data-end=\"3438\">Manter essa estrutura funcionando exige recursos significativos. O <strong>custo mensal<\/strong> da institui\u00e7\u00e3o gira em torno de <strong>R$ 160 mil<\/strong>, valor destinado ao pagamento de <strong><em>aluguel, alimenta\u00e7\u00e3o, \u00e1gua, energia, g\u00e1s, internet,<\/em><\/strong> equipe t\u00e9cnica e atividades formativas para as pessoas acolhidas. Trata-se de um servi\u00e7o que atualmente nenhuma cidade da regi\u00e3o oferece de forma institucionalizada.<\/p>\n<p data-start=\"3440\" data-end=\"3944\">Grande parte da sustenta\u00e7\u00e3o financeira da Casa Neon Cunha vem de emendas parlamentares, especialmente das deputadas federais Erika Hilton e S\u00e2mia Bomfim, que financiam diretamente o acolhimento e o centro de qualifica\u00e7\u00e3o profissional. A organiza\u00e7\u00e3o tamb\u00e9m conta com apoio de parlamentares como Barba, Ediane Maria e Suplicy em iniciativas de forma\u00e7\u00e3o e desenvolvimento. Ainda assim, os recursos n\u00e3o s\u00e3o suficientes para garantir estabilidade permanente ao projeto.<\/p>\n<p data-start=\"3946\" data-end=\"4311\">Outro desafio enfrentado pela institui\u00e7\u00e3o \u00e9 a resist\u00eancia de parte da vizinhan\u00e7a, que associa a presen\u00e7a das pessoas acolhidas a desordem e criminalidade. Para a equipe da Casa Neon, no entanto, o compromisso sempre foi outro: salvar vidas e construir caminhos de autonomia para quem foi empurrado para a margem da sociedade.<\/p>\n<p data-start=\"4313\" data-end=\"4455\">Quando o poder p\u00fablico n\u00e3o chega, a Casa Neon chega.<br data-start=\"4365\" data-end=\"4368\" \/>Quando o sistema expulsa, a Casa Neon acolhe.<\/p>\n<p data-start=\"4457\" data-end=\"4767\">Diante desse cen\u00e1rio, a organiza\u00e7\u00e3o convocou um ato p\u00fablico em defesa da continuidade de suas atividades. O objetivo n\u00e3o \u00e9 apenas pedir recursos, mas c<strong>hamar a aten\u00e7\u00e3o da sociedade<\/strong> e das autoridades para a import\u00e2ncia desse equipamento social para toda a regi\u00e3o do ABC.<\/p>\n<p data-start=\"4769\" data-end=\"5165\">A situa\u00e7\u00e3o da Casa Neon Cunha tamb\u00e9m reflete um fen\u00f4meno mais amplo no Brasil. Outras organiza\u00e7\u00f5es que atuam no acolhimento da popula\u00e7\u00e3o LGBTQIA+ enfrentam dificuldades semelhantes. Recentemente, a Casa 1, em S\u00e3o Paulo, tamb\u00e9m anunciou risco de fechamento por falta de financiamento, mobilizando artistas e sociedade civil para garantir sua continuidade.<\/p>\n<p data-start=\"5167\" data-end=\"5428\">Apesar das dificuldades, a Casa Neon Cunha tem recebido reconhecimento internacional. Organismos como a <strong>ONU<\/strong> e a <strong>Organiza\u00e7\u00e3o Internacional do Trabalho<\/strong> (OIT), al\u00e9m de embaixadas e consulados, <strong>j\u00e1 reconheceram a import\u00e2ncia do trabalho realizado pela institui\u00e7\u00e3o.<\/strong><\/p>\n<p data-start=\"5430\" data-end=\"5490\">Mas reconhecimento, sozinho, n\u00e3o pagan as contas do projeto social.<\/p>\n<p data-start=\"5492\" data-end=\"5652\">Reconhecimento n\u00e3o <strong>paga aluguel<\/strong>,n\u00e3o compra alimentos e n\u00e3o\u00a0mant\u00e9m <em>as portas abertas.<\/em><\/p>\n<p data-start=\"5654\" data-end=\"5888\">Para continuar existindo, a Casa Neon Cunha precisa de apoio imediato. Isso significa compromisso concreto de prefeitos, vereadores e deputados das sete cidades do ABC, al\u00e9m do engajamento da iniciativa privada e da <strong>sociedade civil.<\/strong><\/p>\n<p data-start=\"5890\" data-end=\"5974\">Porque quando uma casa como essa fecha,as pessoas <strong>voltam para a rua.<\/strong><\/p>\n<p data-start=\"6014\" data-end=\"6176\">A perman\u00eancia da Casa Neon Cunha \u00e9, acima de tudo, um compromisso coletivo, que precisa de voc\u00ea!<\/p>\n<p data-start=\"365\" data-end=\"442\">Mas para continuar fazendo esse trabalho, <strong data-start=\"407\" data-end=\"442\">precisamos nos mobilizar agora.<\/strong><\/p>\n<p data-start=\"444\" data-end=\"598\">\ud83d\udccd <strong data-start=\"447\" data-end=\"483\">ATO EM DEFESA DA CASA NEON CUNHA<\/strong><br data-start=\"483\" data-end=\"486\" \/><strong data-start=\"489\" data-end=\"511\">\ud83d\udccdS\u00e1bado, 7 de mar\u00e7o <\/strong><strong data-start=\"516\" data-end=\"523\">14h<\/strong><br data-start=\"523\" data-end=\"526\" \/>\ud83d\udccd <strong data-start=\"529\" data-end=\"598\">Rua Luiz Ferreira da Silva, 183 \u2013 Anchieta, S\u00e3o Bernardo do Campo<\/strong><\/p>\n","protected":false},"excerpt":{"rendered":"<p>A Casa Neon Cunha fo fundada em 2018, em S\u00e3o Bernardo do Campo, no ABC Paulista, a iniciativa nasceu de uma necessidade urgente: acolher pessoas LGBTQIA+ em situa\u00e7\u00e3o de extrema vulnerabilidade. Pessoas expulsas de casa, v\u00edtimas de viol\u00eancia ou sem qualquer rede de apoio. Desde o in\u00edcio, a proposta foi simples e ao mesmo tempo [&hellip;]<\/p>\n","protected":false},"author":7,"featured_media":3037,"comment_status":"closed","ping_status":"closed","sticky":false,"template":"","format":"standard","meta":{"_et_pb_use_builder":"","_et_pb_old_content":"","_et_gb_content_width":"","_monsterinsights_skip_tracking":false,"_monsterinsights_sitenote_active":false,"_monsterinsights_sitenote_note":"","_monsterinsights_sitenote_category":0,"_uf_show_specific_survey":0,"_uf_disable_surveys":false,"footnotes":""},"categories":[9],"tags":[],"class_list":["post-3036","post","type-post","status-publish","format-standard","has-post-thumbnail","hentry","category-noticias"],"_links":{"self":[{"href":"https:\/\/casaneoncunha.org\/site\/wp-json\/wp\/v2\/posts\/3036","targetHints":{"allow":["GET"]}}],"collection":[{"href":"https:\/\/casaneoncunha.org\/site\/wp-json\/wp\/v2\/posts"}],"about":[{"href":"https:\/\/casaneoncunha.org\/site\/wp-json\/wp\/v2\/types\/post"}],"author":[{"embeddable":true,"href":"https:\/\/casaneoncunha.org\/site\/wp-json\/wp\/v2\/users\/7"}],"replies":[{"embeddable":true,"href":"https:\/\/casaneoncunha.org\/site\/wp-json\/wp\/v2\/comments?post=3036"}],"version-history":[{"count":2,"href":"https:\/\/casaneoncunha.org\/site\/wp-json\/wp\/v2\/posts\/3036\/revisions"}],"predecessor-version":[{"id":3039,"href":"https:\/\/casaneoncunha.org\/site\/wp-json\/wp\/v2\/posts\/3036\/revisions\/3039"}],"wp:featuredmedia":[{"embeddable":true,"href":"https:\/\/casaneoncunha.org\/site\/wp-json\/wp\/v2\/media\/3037"}],"wp:attachment":[{"href":"https:\/\/casaneoncunha.org\/site\/wp-json\/wp\/v2\/media?parent=3036"}],"wp:term":[{"taxonomy":"category","embeddable":true,"href":"https:\/\/casaneoncunha.org\/site\/wp-json\/wp\/v2\/categories?post=3036"},{"taxonomy":"post_tag","embeddable":true,"href":"https:\/\/casaneoncunha.org\/site\/wp-json\/wp\/v2\/tags?post=3036"}],"curies":[{"name":"wp","href":"https:\/\/api.w.org\/{rel}","templated":true}]}}