{"id":3114,"date":"2026-04-28T15:41:30","date_gmt":"2026-04-28T18:41:30","guid":{"rendered":"https:\/\/casaneoncunha.org\/site\/?p=3114"},"modified":"2026-04-28T20:38:19","modified_gmt":"2026-04-28T23:38:19","slug":"alistamento-militar-para-pessoas-trans-como-funciona","status":"publish","type":"post","link":"https:\/\/casaneoncunha.org\/site\/alistamento-militar-para-pessoas-trans-como-funciona\/","title":{"rendered":"Alistamento militar para pessoas trans: Como funciona?"},"content":{"rendered":"<p><span style=\"font-weight: 400;\">O alistamento militar para pessoas trans ainda gera muitas d\u00favidas, principalmente porque o processo costuma partir de regras pensadas para <strong>documentos<\/strong>, <strong>corpos<\/strong> e trajet\u00f3rias <strong>cisg\u00eaneras<\/strong>. Por isso, antes de tudo, \u00e9 importante entender como essa obriga\u00e7\u00e3o funciona na pr\u00e1tica.<br \/>\nNo Brasil, o alistamento militar \u00e9 obrigat\u00f3rio para toda pessoa com mais de 18 que tenha em sua certid\u00e3o de nascimento o marcador masculino.<br \/>\nIsso porque o Estado utiliza o sexo do registro civil para definir quem \u00e9 obrigado ou n\u00e3o.<br \/>\n<\/span><span style=\"font-weight: 400;\"><br \/>\n<\/span><span style=\"font-weight: 400;\">Compreender essas regras \u00e9 <em><strong>fundamental<\/strong><\/em> para evitar<em><strong> problemas futuros,<\/strong><\/em> como restri\u00e7\u00f5es no <em><strong>acesso a emprego<\/strong><\/em>, <em><strong>estudo<\/strong> <\/em>ou <em><strong>emiss\u00e3o de documentos.<\/strong><\/em> A seguir, voc\u00ea confere como funciona o alistamento em diferentes situa\u00e7\u00f5es.<\/span><\/p>\n<h3><span style=\"font-weight: 400;\"><br \/>\nSaiba como funciona esse processo:<\/span><\/h3>\n<ul>\n<li><strong>Mulheres trans e Travestis:<\/strong><br \/>\n&#8211; \u00c9 obrigat\u00f3rio para toda mulher trans e travesti que tenha realizado o alistamento, sendo indispens\u00e1vel para a retifica\u00e7\u00e3o de nome e g\u00eanero. Se houver retifica\u00e7\u00e3o antes dos 18 anos, n\u00e3o h\u00e1 essa obrigatoriedade.<br \/>\n<strong><br \/>\nHomens trans<br \/>\n<\/strong>&#8211; \u00c9 obrigat\u00f3rio somente ap\u00f3s a retifica\u00e7\u00e3o, independentemente de quando for realizada.<\/p>\n<p><strong>Pessoas N\u00e3o bin\u00e1rias<br \/>\n<\/strong>&#8211; Nesses casos ainda n\u00e3o h\u00e1 normativa e depender\u00e1 de qual o sexo atribu\u00eddo ao nascimento.<\/li>\n<\/ul>\n<p><strong>Prazo para realizar o alistamento:<\/strong><br \/>\n&#8211; Nos casos de obriga\u00e7\u00e3o de realizar o alistamento ap\u00f3s a retifica\u00e7\u00e3o, \u00e9 necess\u00e1rio se atentar ao prazo de 30 dias ap\u00f3s o recebimento de sua certid\u00e3o de nascimento retificada.<br \/>\n&#8211; Alistamentos realizados ap\u00f3s esse prazo ter\u00e3o cobran\u00e7a de multa, caso feitos antes dos 45 anos de idade.<\/p>\n<h2><b>O que acontece depois do alistamento?<\/b><\/h2>\n<p><span style=\"font-weight: 400;\">Ap\u00f3s se alistar, nem todas as pessoas s\u00e3o incorporadas ao servi\u00e7o militar. <\/span><span style=\"font-weight: 400;\">\u00c9 poss\u00edvel solicitar dispensa e passar por avalia\u00e7\u00e3o da Junta Militar.<br \/>\n<\/span><span style=\"font-weight: 400;\">Caso haja constrangimento, recusa de direitos ou tratamento inadequado, a Defensoria P\u00fablica da Uni\u00e3o pode ser acionada.<\/span><\/p>\n<h2><b>Quais s\u00e3o as consequ\u00eancias de n\u00e3o regularizar<\/b><\/h2>\n<p><span style=\"font-weight: 400;\">N\u00e3o estar em dia com o servi\u00e7o militar pode gerar impactos diretos, como: <\/span><span style=\"font-weight: 400;\">dificuldade para se matricular em institui\u00e7\u00f5es de ensino <\/span><span style=\"font-weight: 400;\">impedimentos para assumir cargos p\u00fablicos <\/span><span style=\"font-weight: 400;\">restri\u00e7\u00f5es para emiss\u00e3o de passaporte <\/span><span style=\"font-weight: 400;\">dificuldades no acesso ao trabalho formal<br \/>\n<\/span><span style=\"font-weight: 400;\">Ou seja, regularizar a situa\u00e7\u00e3o n\u00e3o \u00e9 apenas uma exig\u00eancia burocr\u00e1tica. \u00c9 garantir acesso a direitos b\u00e1sicos.<\/span><\/p>\n<h2><b>Quando a regra n\u00e3o acompanha a realidade<\/b><\/h2>\n<p><span style=\"font-weight: 400;\">At\u00e9 aqui, o processo parece t\u00e9cnico e objetivo. Mas, na pr\u00e1tica, ele revela algo mais profundo.<\/span><\/p>\n<p><span style=\"font-weight: 400;\">Quando identidade de g\u00eanero e registro civil n\u00e3o caminham juntos, o sistema n\u00e3o pergunta quem a pessoa \u00e9. Ele consulta o documento. E isso tem consequ\u00eancias reais.<br \/>\n<\/span><span style=\"font-weight: 400;\">Mulheres trans que ainda n\u00e3o conseguiram retificar seus documentos podem ser obrigadas a se alistar em um sistema que n\u00e3o reconhece sua identidade. Homens trans, por sua vez, tamb\u00e9m entram em uma l\u00f3gica que muitas vezes ignora suas trajet\u00f3rias e contextos.<\/span><\/p>\n<p><span style=\"font-weight: 400;\">N\u00e3o se trata apenas de burocracia. <em><strong>Trata-se de um modelo institucional que ainda opera com categorias fixas, mesmo diante de uma sociedade diversa.<\/strong><\/em><\/span><\/p>\n<h2><b>O problema n\u00e3o \u00e9 individual, \u00e9 estrutural<\/b><\/h2>\n<p><span style=\"font-weight: 400;\">O documento, que deveria garantir acesso a direitos, passa a funcionar como um filtro. Um marcador que define obriga\u00e7\u00f5es sem considerar a realidade das pessoas.<br \/>\n<\/span><span style=\"font-weight: 400;\">Isso ajuda a explicar por que, mesmo com regras claras, o processo ainda gera constrangimentos, barreiras e, em alguns casos, afastamento dos servi\u00e7os p\u00fablicos.<br \/>\n<\/span><span style=\"font-weight: 400;\">A dificuldade n\u00e3o est\u00e1 na pessoa que tenta se adequar ao sistema. Est\u00e1 no sistema que ainda n\u00e3o foi pensado para todas as pessoas.<\/span><\/p>\n<h2><b>Informa\u00e7\u00e3o tamb\u00e9m \u00e9 prote\u00e7\u00e3o<\/b><\/h2>\n<p><span style=\"font-weight: 400;\">Saber como o alistamento funciona \u00e9 uma forma de evitar barreiras e garantir direitos. Mas tamb\u00e9m \u00e9 importante reconhecer que ainda existem desafios estruturais nesse processo.<br \/>\n<\/span><span style=\"font-weight: 400;\">O acesso a documentos, o respeito \u00e0 identidade de g\u00eanero e o atendimento digno n\u00e3o deveriam ser exce\u00e7\u00e3o.Deveriam ser regra.<br \/>\n<\/span><span style=\"font-weight: 400;\"><br \/>\nCompartilhar esse tipo de informa\u00e7\u00e3o pode ajudar outras pessoas a passarem por esse processo com mais seguran\u00e7a.<br \/>\nE tamb\u00e9m abre espa\u00e7o para uma reflex\u00e3o necess\u00e1ria. O sistema tem cumprido seu papel de garantir direitos ou ainda cria obst\u00e1culos para quem mais precisa acessar pol\u00edticas p\u00fablicas?<\/span><\/p>\n<p>&nbsp;<\/p>\n<h2 data-section-id=\"7f29y7\" data-start=\"212\" data-end=\"226\">Refer\u00eancias<\/h2>\n<p data-start=\"228\" data-end=\"358\">BRASIL. <strong data-start=\"236\" data-end=\"277\">Lei n\u00ba 4.375, de 17 de agosto de 1964<\/strong>. Institui a Lei do Servi\u00e7o Militar. Di\u00e1rio Oficial da Uni\u00e3o: Bras\u00edlia, DF, 1964.<\/p>\n<p data-start=\"360\" data-end=\"499\">BRASIL. <strong data-start=\"368\" data-end=\"415\">Decreto n\u00ba 57.654, de 20 de janeiro de 1966<\/strong>. Regulamenta a Lei do Servi\u00e7o Militar. Di\u00e1rio Oficial da Uni\u00e3o: Bras\u00edlia, DF, 1966.<\/p>\n<p data-start=\"501\" data-end=\"681\">BRASIL. <strong data-start=\"509\" data-end=\"550\">Lei n\u00ba 4.375, de 17 de agosto de 1964<\/strong>. Disp\u00f5e sobre as penalidades e consequ\u00eancias da n\u00e3o regulariza\u00e7\u00e3o do servi\u00e7o militar. Di\u00e1rio Oficial da Uni\u00e3o: Bras\u00edlia, DF, 1964.<\/p>\n<p data-start=\"683\" data-end=\"902\">BRASIL. <strong data-start=\"691\" data-end=\"735\">Decreto n\u00ba 8.727, de 28 de abril de 2016<\/strong>. Disp\u00f5e sobre o uso do nome social e o reconhecimento da identidade de g\u00eanero no \u00e2mbito da administra\u00e7\u00e3o p\u00fablica federal. Di\u00e1rio Oficial da Uni\u00e3o: Bras\u00edlia, DF, 2016.<\/p>\n<p data-start=\"904\" data-end=\"1104\">BRASIL. <strong data-start=\"912\" data-end=\"940\">Supremo Tribunal Federal<\/strong>. A\u00e7\u00e3o Direta de Inconstitucionalidade n\u00ba 4.275. Reconhece o direito \u00e0 altera\u00e7\u00e3o de nome e g\u00eanero no registro civil sem necessidade de cirurgia. Bras\u00edlia, DF, 2018.<\/p>\n<p data-start=\"1106\" data-end=\"1288\">BRASIL. <strong data-start=\"1114\" data-end=\"1146\">Conselho Nacional de Justi\u00e7a<\/strong>. Provimento n\u00ba 73, de 28 de junho de 2018. Disp\u00f5e sobre a averba\u00e7\u00e3o da altera\u00e7\u00e3o de prenome e g\u00eanero nos registros civis. Bras\u00edlia, DF, 2018.<\/p>\n<p data-start=\"1290\" data-end=\"1462\">BRASIL. <strong data-start=\"1298\" data-end=\"1329\">Defensoria P\u00fablica da Uni\u00e3o<\/strong>. Atua\u00e7\u00e3o institucional na garantia de direitos e acesso \u00e0 justi\u00e7a. Dispon\u00edvel em: <a class=\"decorated-link\" href=\"https:\/\/www.dpu.def.br\" target=\"_new\" rel=\"noopener\" data-start=\"1412\" data-end=\"1436\">https:\/\/www.dpu.def.br<\/a>. Acesso em: 28 abr. 2026.<\/p>\n<p data-start=\"1464\" data-end=\"1633\">BRASIL. <strong data-start=\"1472\" data-end=\"1495\">Ex\u00e9rcito Brasileiro<\/strong>. Servi\u00e7o Militar. Informa\u00e7\u00f5es sobre alistamento, prazos e regulariza\u00e7\u00e3o. Dispon\u00edvel em: <a class=\"decorated-link\" href=\"https:\/\/www.eb.mil.br\" target=\"_new\" rel=\"noopener\" data-start=\"1584\" data-end=\"1607\">https:\/\/www.eb.mil.br<\/a>. Acesso em: 28 abr. 2026.<\/p>\n<p><span style=\"font-weight: 400;\">\u00a0<\/span><\/p>\n<p>&nbsp;<\/p>\n","protected":false},"excerpt":{"rendered":"<p>O alistamento militar para pessoas trans ainda gera muitas d\u00favidas, principalmente porque o processo costuma partir de regras pensadas para documentos, corpos e trajet\u00f3rias cisg\u00eaneras. Por isso, antes de tudo, \u00e9 importante entender como essa obriga\u00e7\u00e3o funciona na pr\u00e1tica.<br \/>\n1. No Brasil, o alistamento militar \u00e9 obrigat\u00f3rio para toda pessoa com mais de 18 que tenha em sua certid\u00e3o de nascimento o marcador masculino.<br \/>\n2. Isso porque o Estado utiliza o sexo do registro civil para definir quem \u00e9 obrigado ou n\u00e3o.<\/p>\n","protected":false},"author":7,"featured_media":3115,"comment_status":"closed","ping_status":"closed","sticky":false,"template":"","format":"standard","meta":{"_et_pb_use_builder":"","_et_pb_old_content":"","_et_gb_content_width":"","_monsterinsights_skip_tracking":false,"_monsterinsights_sitenote_active":false,"_monsterinsights_sitenote_note":"","_monsterinsights_sitenote_category":0,"_uf_show_specific_survey":0,"_uf_disable_surveys":false,"footnotes":""},"categories":[9],"tags":[119,120,116,122,118,117,121],"class_list":["post-3114","post","type-post","status-publish","format-standard","has-post-thumbnail","hentry","category-noticias","tag-acesso-dignidade-retificacaodenomeegenero","tag-alistamento","tag-alistamentomilitar","tag-direitocivil","tag-direitoscivil","tag-pessoastrans","tag-reservista"],"_links":{"self":[{"href":"https:\/\/casaneoncunha.org\/site\/wp-json\/wp\/v2\/posts\/3114","targetHints":{"allow":["GET"]}}],"collection":[{"href":"https:\/\/casaneoncunha.org\/site\/wp-json\/wp\/v2\/posts"}],"about":[{"href":"https:\/\/casaneoncunha.org\/site\/wp-json\/wp\/v2\/types\/post"}],"author":[{"embeddable":true,"href":"https:\/\/casaneoncunha.org\/site\/wp-json\/wp\/v2\/users\/7"}],"replies":[{"embeddable":true,"href":"https:\/\/casaneoncunha.org\/site\/wp-json\/wp\/v2\/comments?post=3114"}],"version-history":[{"count":18,"href":"https:\/\/casaneoncunha.org\/site\/wp-json\/wp\/v2\/posts\/3114\/revisions"}],"predecessor-version":[{"id":3122,"href":"https:\/\/casaneoncunha.org\/site\/wp-json\/wp\/v2\/posts\/3114\/revisions\/3122"}],"wp:featuredmedia":[{"embeddable":true,"href":"https:\/\/casaneoncunha.org\/site\/wp-json\/wp\/v2\/media\/3115"}],"wp:attachment":[{"href":"https:\/\/casaneoncunha.org\/site\/wp-json\/wp\/v2\/media?parent=3114"}],"wp:term":[{"taxonomy":"category","embeddable":true,"href":"https:\/\/casaneoncunha.org\/site\/wp-json\/wp\/v2\/categories?post=3114"},{"taxonomy":"post_tag","embeddable":true,"href":"https:\/\/casaneoncunha.org\/site\/wp-json\/wp\/v2\/tags?post=3114"}],"curies":[{"name":"wp","href":"https:\/\/api.w.org\/{rel}","templated":true}]}}