{"id":3287,"date":"2026-09-04T16:50:16","date_gmt":"2026-09-04T19:50:16","guid":{"rendered":"https:\/\/casaneoncunha.org\/site\/?p=3287"},"modified":"2026-09-04T16:50:16","modified_gmt":"2026-09-04T19:50:16","slug":"selecionados-no-edital-001-2026-para-cargos-no-par-cais","status":"publish","type":"post","link":"https:\/\/casaneoncunha.org\/site\/selecionados-no-edital-001-2026-para-cargos-no-par-cais\/","title":{"rendered":"Selecionados no Edital 001\/2026 para cargos no PAR\/CAIS"},"content":{"rendered":"<h1><\/h1>\n<h1>Resultado da Sele\u00e7\u00e3o \u2014 Edital de Chamamento n\u00ba 001\/2026<\/h1>\n<p>A Casa Neon Cunha comunica que o resultado do Edital de Chamamento n\u00ba 001\/2026, referente \u00e0 sele\u00e7\u00e3o de profissionais para o Cidadania PopRua \u2014 Ponto de Apoio \u00e0 Popula\u00e7\u00e3o em Situa\u00e7\u00e3o de Rua (PAR) e Centro de Acesso a Direitos e Inclus\u00e3o Social na Pol\u00edtica sobre Drogas (CAIS), em S\u00e3o Paulo\/SP \u2014 j\u00e1 est\u00e1 dispon\u00edvel.<\/p>\n<p>A rela\u00e7\u00e3o de pessoas candidatas aprovadas consta no <a href=\"https:\/\/casaneoncunha.org\/site\/wp-content\/uploads\/2026\/09\/Selecionados-Edital-Cidadania-Pop-Rua-Casa-Neon.pdf\">documento oficial de resultado<\/a>.<\/p>\n<p>As pessoas selecionadas receber\u00e3o contato diretamente pela Casa Neon Cunha para as orienta\u00e7\u00f5es sobre documenta\u00e7\u00e3o e formaliza\u00e7\u00e3o da contrata\u00e7\u00e3o, conforme o cargo e o regime previstos no Edital.<\/p>\n<p>D\u00favidas sobre o processo seletivo devem ser encaminhadas exclusivamente para <strong>coordenacao@cidadaniapopruabrendalee.org<\/strong>.<\/p>\n<p>&nbsp;<\/p>\n","protected":false},"excerpt":{"rendered":"<p>Resultado da Sele\u00e7\u00e3o \u2014 Edital de Chamamento n\u00ba 001\/2026 A Casa Neon Cunha comunica que o resultado do Edital de Chamamento n\u00ba 001\/2026, referente \u00e0 sele\u00e7\u00e3o de profissionais para o Cidadania PopRua \u2014 Ponto de Apoio \u00e0 Popula\u00e7\u00e3o em Situa\u00e7\u00e3o de Rua (PAR) e Centro de Acesso a Direitos e Inclus\u00e3o Social na Pol\u00edtica sobre [&hellip;]<\/p>\n","protected":false},"author":5,"featured_media":3288,"comment_status":"closed","ping_status":"closed","sticky":false,"template":"","format":"standard","meta":{"_et_pb_use_builder":"","_et_pb_old_content":"","_et_gb_content_width":"","_monsterinsights_skip_tracking":false,"_uf_show_specific_survey":0,"_uf_disable_surveys":false,"footnotes":""},"categories":[9],"tags":[],"class_list":["post-3287","post","type-post","status-publish","format-standard","has-post-thumbnail","hentry","category-noticias"],"_links":{"self":[{"href":"https:\/\/casaneoncunha.org\/site\/wp-json\/wp\/v2\/posts\/3287","targetHints":{"allow":["GET"]}}],"collection":[{"href":"https:\/\/casaneoncunha.org\/site\/wp-json\/wp\/v2\/posts"}],"about":[{"href":"https:\/\/casaneoncunha.org\/site\/wp-json\/wp\/v2\/types\/post"}],"author":[{"embeddable":true,"href":"https:\/\/casaneoncunha.org\/site\/wp-json\/wp\/v2\/users\/5"}],"replies":[{"embeddable":true,"href":"https:\/\/casaneoncunha.org\/site\/wp-json\/wp\/v2\/comments?post=3287"}],"version-history":[{"count":1,"href":"https:\/\/casaneoncunha.org\/site\/wp-json\/wp\/v2\/posts\/3287\/revisions"}],"predecessor-version":[{"id":3289,"href":"https:\/\/casaneoncunha.org\/site\/wp-json\/wp\/v2\/posts\/3287\/revisions\/3289"}],"wp:featuredmedia":[{"embeddable":true,"href":"https:\/\/casaneoncunha.org\/site\/wp-json\/wp\/v2\/media\/3288"}],"wp:attachment":[{"href":"https:\/\/casaneoncunha.org\/site\/wp-json\/wp\/v2\/media?parent=3287"}],"wp:term":[{"taxonomy":"category","embeddable":true,"href":"https:\/\/casaneoncunha.org\/site\/wp-json\/wp\/v2\/categories?post=3287"},{"taxonomy":"post_tag","embeddable":true,"href":"https:\/\/casaneoncunha.org\/site\/wp-json\/wp\/v2\/tags?post=3287"}],"curies":[{"name":"wp","href":"https:\/\/api.w.org\/{rel}","templated":true}]}}