{"id":5,"name":"Thay\u00f4 Amaral","url":"","description":"Thay\u00f4 Amaral \u00e9 Estrategista de Comunica\u00e7\u00e3o e trabalha com Marketing Digital h\u00e1 mais de 10 anos. Desde 2021, \u00e9 Diretora de Comunica\u00e7\u00e3o da Casa Neon Cunha e atua tamb\u00e9m com palestras e treinamento em comunica\u00e7\u00e3o e diversidade.","link":"https:\/\/casaneoncunha.org\/site\/author\/thayoamaral\/","slug":"thayoamaral","avatar_urls":{"24":"https:\/\/secure.gravatar.com\/avatar\/501c2a7f102a54e3cbd1db2c8338c3c07c5df0fe0bef79d7a8aed0a25e093c4d?s=24&d=mm&r=g","48":"https:\/\/secure.gravatar.com\/avatar\/501c2a7f102a54e3cbd1db2c8338c3c07c5df0fe0bef79d7a8aed0a25e093c4d?s=48&d=mm&r=g","96":"https:\/\/secure.gravatar.com\/avatar\/501c2a7f102a54e3cbd1db2c8338c3c07c5df0fe0bef79d7a8aed0a25e093c4d?s=96&d=mm&r=g"},"meta":[],"_links":{"self":[{"href":"https:\/\/casaneoncunha.org\/site\/wp-json\/wp\/v2\/users\/5","targetHints":{"allow":["GET"]}}],"collection":[{"href":"https:\/\/casaneoncunha.org\/site\/wp-json\/wp\/v2\/users"}]}}